{"id":70439,"date":"2025-11-14T08:43:47","date_gmt":"2025-11-14T08:43:47","guid":{"rendered":"https:\/\/psychologydictionary.ae\/evaluation-clinique-des-fonctions-de-la-parole\/"},"modified":"2025-11-14T08:43:47","modified_gmt":"2025-11-14T08:43:47","slug":"evaluation-clinique-des-fonctions-de-la-parole","status":"publish","type":"post","link":"https:\/\/psychologydictionary.ae\/fr\/evaluation-clinique-des-fonctions-de-la-parole\/","title":{"rendered":"\u00c9valuation clinique des fonctions de la parole"},"content":{"rendered":"<p>version r\u00e9vis\u00e9e (CELF-R) \u2013 un outil d\u2019\u00e9valuation standardis\u00e9 con\u00e7u pour \u00e9tudier les comp\u00e9tences linguistiques chez les enfants et les adolescents. Il \u00e9value divers aspects du langage, notamment les capacit\u00e9s r\u00e9ceptives et expressives, la syntaxe, la s\u00e9mantique et la m\u00e9moire de travail. Il est largement utilis\u00e9 pour diagnostiquer les troubles de la parole et planifier des travaux correctifs.  <\/p>\n","protected":false},"excerpt":{"rendered":"<p>version r\u00e9vis\u00e9e (CELF-R) \u2013 un outil d\u2019\u00e9valuation standardis\u00e9 con\u00e7u pour \u00e9tudier les comp\u00e9tences linguistiques chez les enfants et les adolescents. Il \u00e9value divers aspects du langage, notamment les capacit\u00e9s r\u00e9ceptives et expressives, la syntaxe, la s\u00e9mantique et la m\u00e9moire de travail. Il est largement utilis\u00e9 pour diagnostiquer les troubles de la parole et planifier des [&hellip;]<\/p>\n","protected":false},"author":1,"featured_media":0,"comment_status":"closed","ping_status":"open","sticky":false,"template":"","format":"standard","meta":{"_bbp_topic_count":0,"_bbp_reply_count":0,"_bbp_total_topic_count":0,"_bbp_total_reply_count":0,"_bbp_voice_count":0,"_bbp_anonymous_reply_count":0,"_bbp_topic_count_hidden":0,"_bbp_reply_count_hidden":0,"_bbp_forum_subforum_count":0,"footnotes":""},"categories":[218],"tags":[],"class_list":["post-70439","post","type-post","status-publish","format-standard","hentry","category-concepts-psychologiques-cles-en-neuropsychologie-clinique"],"_links":{"self":[{"href":"https:\/\/psychologydictionary.ae\/fr\/wp-json\/wp\/v2\/posts\/70439","targetHints":{"allow":["GET"]}}],"collection":[{"href":"https:\/\/psychologydictionary.ae\/fr\/wp-json\/wp\/v2\/posts"}],"about":[{"href":"https:\/\/psychologydictionary.ae\/fr\/wp-json\/wp\/v2\/types\/post"}],"author":[{"embeddable":true,"href":"https:\/\/psychologydictionary.ae\/fr\/wp-json\/wp\/v2\/users\/1"}],"replies":[{"embeddable":true,"href":"https:\/\/psychologydictionary.ae\/fr\/wp-json\/wp\/v2\/comments?post=70439"}],"version-history":[{"count":0,"href":"https:\/\/psychologydictionary.ae\/fr\/wp-json\/wp\/v2\/posts\/70439\/revisions"}],"wp:attachment":[{"href":"https:\/\/psychologydictionary.ae\/fr\/wp-json\/wp\/v2\/media?parent=70439"}],"wp:term":[{"taxonomy":"category","embeddable":true,"href":"https:\/\/psychologydictionary.ae\/fr\/wp-json\/wp\/v2\/categories?post=70439"},{"taxonomy":"post_tag","embeddable":true,"href":"https:\/\/psychologydictionary.ae\/fr\/wp-json\/wp\/v2\/tags?post=70439"}],"curies":[{"name":"wp","href":"https:\/\/api.w.org\/{rel}","templated":true}]}}